{"id":2558,"date":"2026-03-04T09:23:01","date_gmt":"2026-03-04T09:23:01","guid":{"rendered":"https:\/\/musil.home.pl\/kobiety-bytom\/?p=2558"},"modified":"2026-03-04T13:37:35","modified_gmt":"2026-03-04T13:37:35","slug":"zaproszenie-na-wernisaz-wystawy-fotografii-sztuka-jest-kobieta","status":"publish","type":"post","link":"https:\/\/musil.home.pl\/kobiety-bytom\/zaproszenie-na-wernisaz-wystawy-fotografii-sztuka-jest-kobieta\/","title":{"rendered":"Zaproszenie na wernisa\u017c wystawy fotografii \u201eSztuka jest kobiet\u0105\u201d"},"content":{"rendered":"\n<p>S\u0105 spotkania ze sztuk\u0105, kt\u00f3re pozwalaj\u0105 zatrzyma\u0107 si\u0119 na chwil\u0119 i spojrze\u0107 na \u015bwiat z innej perspektywy. Jednym z nich b\u0119dzie wernisa\u017c wystawy fotografii <strong>\u201eSztuka jest kobiet\u0105\u201d<\/strong> autorstwa <strong>Veroniq Zafon vel Bocewicz<\/strong>, na kt\u00f3ry serdecznie zapraszaj\u0105 <strong>Stowarzyszenie Liga Kobiet Nieoboj\u0119tnych<\/strong> oraz artystka.<\/p>\n\n\n\n<p>Wystawa oparta jest na autorskim cyklu <strong>\u201ePoint of Escape \u2013 Woman is Art\u201d<\/strong> i stanowi wyj\u0105tkow\u0105 opowie\u015b\u0107 o kobieco\u015bci, emocjach oraz sile wyrazu ukrytej w ruchu i ge\u015bcie.<\/p>\n\n\n\n<p>Wernisa\u017c odb\u0119dzie si\u0119<br><strong>13 marca 2026 r. o godz. 18.00<\/strong><br>w przestrzeniach <strong>Pa\u0142acu w Miechowicach<\/strong><br>ul. Dzier\u017conia 30, 41-923 Bytom.<\/p>\n\n\n\n<p>Prezentowana ekspozycja to wielowymiarowa opowie\u015b\u0107 o kobiecie jako autonomicznej formie sztuki \u2013 obecnej, sprawczej i tw\u00f3rczej. Na wystawie zobaczy\u0107 b\u0119dzie mo\u017cna czarno-bia\u0142e fotografie, w kt\u00f3rych cia\u0142o staje si\u0119 przestrzeni\u0105 ekspresji, a \u015bwiat\u0142o i cie\u0144 buduj\u0105 subteln\u0105, emocjonaln\u0105 narracj\u0119.<\/p>\n\n\n\n<p>Prace artystki lokuj\u0105 si\u0119 na styku fotografii, ta\u0144ca i muzyki \u2013 ruch zamienia si\u0119 tu w obraz, a cisza nabiera brzmienia. Prezentowany cykl obejmuje zar\u00f3wno najnowsze realizacje, jak i wybrane prace z wcze\u015bniejszych lat.<\/p>\n\n\n\n<p>Wernisa\u017cowi towarzyszy\u0107 b\u0119dzie r\u00f3wnie\u017c oprawa muzyczna w wykonaniu<br><strong>Pauliny Wanot \u2013 \u201eSkrzypcowa miniatura\u201d<\/strong>,<br>a tak\u017ce taneczna improwizacja zaproszonych artyst\u00f3w.<\/p>\n\n\n\n<p>Wystawa b\u0119dzie dost\u0119pna dla zwiedzaj\u0105cych<br><strong>od 13 marca do 13 kwietnia 2026 roku<\/strong>.<\/p>\n\n\n\n<p>Serdecznie zapraszamy do wsp\u00f3lnego prze\u017cycia wieczoru, w kt\u00f3rym sztuka i kobieco\u015b\u0107 splataj\u0105 si\u0119 w inspiruj\u0105c\u0105 opowie\u015b\u0107 o emocjach, ruchu i pi\u0119knie.<\/p>\n\n\n\n<hr class=\"wp-block-separator has-alpha-channel-opacity\"\/>\n\n\n\n<h2 class=\"wp-block-heading\">O artystce<\/h2>\n\n\n\n<p><strong>Veroniq Zafon vel Weronika Bocewicz<\/strong> \u2013 artystka fotografka, historyczka sztuki i kuratorka narracji wizualnej. Urodzi\u0142a si\u0119 w Bytomiu, z kt\u00f3rym do dzi\u015b pozostaje silnie zwi\u0105zana artystycznie.<\/p>\n\n\n\n<p>W swojej tw\u00f3rczo\u015bci koncentruje si\u0119 przede wszystkim na fotografii aktu, portretu oraz fotografii inspirowanej ta\u0144cem. Charakterystycznym elementem jej stylu s\u0105 czarno-bia\u0142e fotografie, w kt\u00f3rych \u015bwiat\u0142o i cie\u0144 buduj\u0105 emocjonaln\u0105 narracj\u0119 obrazu i podkre\u015blaj\u0105 rze\u017abiarsko\u015b\u0107 ludzkiego cia\u0142a.<\/p>\n\n\n\n<p>Artystka traktuje cia\u0142o jako medium wyrazu \u2013 przestrze\u0144 opowie\u015bci o emocjach, ruchu i to\u017csamo\u015bci. Jej prace by\u0142y prezentowane na licznych wystawach indywidualnych i zbiorowych w Polsce. Jest r\u00f3wnie\u017c laureatk\u0105 wyr\u00f3\u017cnie\u0144 w konkursach fotograficznych, m.in. <strong>VIVA! Photo Awards<\/strong>, <strong>L\u2019Esprit Foto<\/strong> oraz mi\u0119dzynarodowym konkursie kalendarzy <strong>VIDICAL<\/strong>.<\/p>\n\n\n\n<p>Tw\u00f3rczo\u015b\u0107 Veroniq Zafon to subtelna, a jednocze\u015bnie wyrazista opowie\u015b\u0107 o kobieco\u015bci, sile ekspresji i pi\u0119knie uchwyconym w chwili zatrzymanej w fotografii.<\/p>\n\n\n\n<hr class=\"wp-block-separator has-alpha-channel-opacity\"\/>\n","protected":false},"excerpt":{"rendered":"<p>S\u0105 spotkania ze sztuk\u0105, kt\u00f3re pozwalaj\u0105 zatrzyma\u0107 si\u0119 na chwil\u0119 i spojrze\u0107 na \u015bwiat z innej perspektywy. Jednym z nich b\u0119dzie wernisa\u017c wystawy fotografii \u201eSztuka jest kobiet\u0105\u201d autorstwa Veroniq Zafon vel Bocewicz, na kt\u00f3ry serdecznie zapraszaj\u0105 Stowarzyszenie Liga Kobiet Nieoboj\u0119tnych oraz artystka. Wystawa oparta jest na autorskim cyklu \u201ePoint of Escape \u2013 Woman is Art\u201d i stanowi wyj\u0105tkow\u0105 opowie\u015b\u0107 o kobieco\u015bci, emocjach oraz sile wyrazu ukrytej w ruchu i ge\u015bcie. Wernisa\u017c odb\u0119dzie si\u011913 marca 2026 r. o godz. 18.00w przestrzeniach Pa\u0142acu w Miechowicachul. Dzier\u017conia 30, 41-923 Bytom. Prezentowana ekspozycja to wielowymiarowa opowie\u015b\u0107 o kobiecie jako autonomicznej formie sztuki \u2013 obecnej, sprawczej i tw\u00f3rczej. Na wystawie zobaczy\u0107 b\u0119dzie mo\u017cna czarno-bia\u0142e fotografie, w kt\u00f3rych cia\u0142o staje si\u0119 przestrzeni\u0105 ekspresji, a \u015bwiat\u0142o i cie\u0144 buduj\u0105 subteln\u0105, emocjonaln\u0105 narracj\u0119. Prace artystki lokuj\u0105 si\u0119 na styku fotografii, ta\u0144ca i muzyki \u2013 ruch zamienia si\u0119 tu w obraz, a cisza nabiera brzmienia. Prezentowany cykl obejmuje zar\u00f3wno najnowsze realizacje, jak i wybrane prace z wcze\u015bniejszych lat. Wernisa\u017cowi towarzyszy\u0107 b\u0119dzie r\u00f3wnie\u017c oprawa muzyczna w wykonaniuPauliny Wanot \u2013 \u201eSkrzypcowa miniatura\u201d,a tak\u017ce taneczna improwizacja zaproszonych artyst\u00f3w. Wystawa b\u0119dzie dost\u0119pna dla zwiedzaj\u0105cychod 13 marca do 13 kwietnia 2026 roku. Serdecznie zapraszamy do wsp\u00f3lnego prze\u017cycia wieczoru, w kt\u00f3rym sztuka i kobieco\u015b\u0107 splataj\u0105 si\u0119 w inspiruj\u0105c\u0105 opowie\u015b\u0107 o emocjach, ruchu i pi\u0119knie. O artystce Veroniq Zafon vel Weronika Bocewicz \u2013 artystka fotografka, historyczka sztuki i kuratorka narracji wizualnej. Urodzi\u0142a si\u0119 w Bytomiu, z kt\u00f3rym do dzi\u015b pozostaje silnie zwi\u0105zana artystycznie. W swojej tw\u00f3rczo\u015bci koncentruje si\u0119 przede wszystkim na fotografii aktu, portretu oraz fotografii inspirowanej ta\u0144cem. Charakterystycznym elementem jej stylu s\u0105 czarno-bia\u0142e fotografie, w kt\u00f3rych \u015bwiat\u0142o i cie\u0144 buduj\u0105 emocjonaln\u0105 narracj\u0119 obrazu i podkre\u015blaj\u0105 rze\u017abiarsko\u015b\u0107 ludzkiego cia\u0142a. Artystka traktuje cia\u0142o jako medium wyrazu \u2013 przestrze\u0144 opowie\u015bci o emocjach, ruchu i to\u017csamo\u015bci. Jej prace by\u0142y prezentowane na licznych wystawach indywidualnych i zbiorowych w Polsce. Jest r\u00f3wnie\u017c laureatk\u0105 wyr\u00f3\u017cnie\u0144 w konkursach fotograficznych, m.in. VIVA! Photo Awards, L\u2019Esprit Foto oraz mi\u0119dzynarodowym konkursie kalendarzy VIDICAL. Tw\u00f3rczo\u015b\u0107 Veroniq Zafon to subtelna, a jednocze\u015bnie wyrazista opowie\u015b\u0107 o kobieco\u015bci, sile ekspresji i pi\u0119knie uchwyconym w chwili zatrzymanej w fotografii.<\/p>\n","protected":false},"author":2,"featured_media":2561,"comment_status":"closed","ping_status":"closed","sticky":false,"template":"","format":"standard","meta":{"ngg_post_thumbnail":0,"footnotes":""},"categories":[45,40],"tags":[],"yoast_head":"<!-- This site is optimized with the Yoast SEO plugin v21.5 - https:\/\/yoast.com\/wordpress\/plugins\/seo\/ -->\n<title>Zaproszenie na wernisa\u017c wystawy fotografii \u201eSztuka jest kobiet\u0105\u201d - Liga Kobiet Nieoboj\u0119tnych<\/title>\n<meta name=\"robots\" content=\"index, follow, max-snippet:-1, max-image-preview:large, max-video-preview:-1\" \/>\n<link rel=\"canonical\" href=\"https:\/\/musil.home.pl\/kobiety-bytom\/zaproszenie-na-wernisaz-wystawy-fotografii-sztuka-jest-kobieta\/\" \/>\n<meta property=\"og:locale\" content=\"pl_PL\" \/>\n<meta property=\"og:type\" content=\"article\" \/>\n<meta property=\"og:title\" content=\"Zaproszenie na wernisa\u017c wystawy fotografii \u201eSztuka jest kobiet\u0105\u201d - Liga Kobiet Nieoboj\u0119tnych\" \/>\n<meta property=\"og:description\" content=\"S\u0105 spotkania ze sztuk\u0105, kt\u00f3re pozwalaj\u0105 zatrzyma\u0107 si\u0119 na chwil\u0119 i spojrze\u0107 na \u015bwiat z innej perspektywy. Jednym z nich b\u0119dzie wernisa\u017c wystawy fotografii \u201eSztuka jest kobiet\u0105\u201d autorstwa Veroniq Zafon vel Bocewicz, na kt\u00f3ry serdecznie zapraszaj\u0105 Stowarzyszenie Liga Kobiet Nieoboj\u0119tnych oraz artystka. Wystawa oparta jest na autorskim cyklu \u201ePoint of Escape \u2013 Woman is Art\u201d i stanowi wyj\u0105tkow\u0105 opowie\u015b\u0107 o kobieco\u015bci, emocjach oraz sile wyrazu ukrytej w ruchu i ge\u015bcie. Wernisa\u017c odb\u0119dzie si\u011913 marca 2026 r. o godz. 18.00w przestrzeniach Pa\u0142acu w Miechowicachul. Dzier\u017conia 30, 41-923 Bytom. Prezentowana ekspozycja to wielowymiarowa opowie\u015b\u0107 o kobiecie jako autonomicznej formie sztuki \u2013 obecnej, sprawczej i tw\u00f3rczej. Na wystawie zobaczy\u0107 b\u0119dzie mo\u017cna czarno-bia\u0142e fotografie, w kt\u00f3rych cia\u0142o staje si\u0119 przestrzeni\u0105 ekspresji, a \u015bwiat\u0142o i cie\u0144 buduj\u0105 subteln\u0105, emocjonaln\u0105 narracj\u0119. Prace artystki lokuj\u0105 si\u0119 na styku fotografii, ta\u0144ca i muzyki \u2013 ruch zamienia si\u0119 tu w obraz, a cisza nabiera brzmienia. Prezentowany cykl obejmuje zar\u00f3wno najnowsze realizacje, jak i wybrane prace z wcze\u015bniejszych lat. Wernisa\u017cowi towarzyszy\u0107 b\u0119dzie r\u00f3wnie\u017c oprawa muzyczna w wykonaniuPauliny Wanot \u2013 \u201eSkrzypcowa miniatura\u201d,a tak\u017ce taneczna improwizacja zaproszonych artyst\u00f3w. Wystawa b\u0119dzie dost\u0119pna dla zwiedzaj\u0105cychod 13 marca do 13 kwietnia 2026 roku. Serdecznie zapraszamy do wsp\u00f3lnego prze\u017cycia wieczoru, w kt\u00f3rym sztuka i kobieco\u015b\u0107 splataj\u0105 si\u0119 w inspiruj\u0105c\u0105 opowie\u015b\u0107 o emocjach, ruchu i pi\u0119knie. O artystce Veroniq Zafon vel Weronika Bocewicz \u2013 artystka fotografka, historyczka sztuki i kuratorka narracji wizualnej. Urodzi\u0142a si\u0119 w Bytomiu, z kt\u00f3rym do dzi\u015b pozostaje silnie zwi\u0105zana artystycznie. W swojej tw\u00f3rczo\u015bci koncentruje si\u0119 przede wszystkim na fotografii aktu, portretu oraz fotografii inspirowanej ta\u0144cem. Charakterystycznym elementem jej stylu s\u0105 czarno-bia\u0142e fotografie, w kt\u00f3rych \u015bwiat\u0142o i cie\u0144 buduj\u0105 emocjonaln\u0105 narracj\u0119 obrazu i podkre\u015blaj\u0105 rze\u017abiarsko\u015b\u0107 ludzkiego cia\u0142a. Artystka traktuje cia\u0142o jako medium wyrazu \u2013 przestrze\u0144 opowie\u015bci o emocjach, ruchu i to\u017csamo\u015bci. Jej prace by\u0142y prezentowane na licznych wystawach indywidualnych i zbiorowych w Polsce. Jest r\u00f3wnie\u017c laureatk\u0105 wyr\u00f3\u017cnie\u0144 w konkursach fotograficznych, m.in. VIVA! Photo Awards, L\u2019Esprit Foto oraz mi\u0119dzynarodowym konkursie kalendarzy VIDICAL. Tw\u00f3rczo\u015b\u0107 Veroniq Zafon to subtelna, a jednocze\u015bnie wyrazista opowie\u015b\u0107 o kobieco\u015bci, sile ekspresji i pi\u0119knie uchwyconym w chwili zatrzymanej w fotografii.\" \/>\n<meta property=\"og:url\" content=\"https:\/\/musil.home.pl\/kobiety-bytom\/zaproszenie-na-wernisaz-wystawy-fotografii-sztuka-jest-kobieta\/\" \/>\n<meta property=\"og:site_name\" content=\"Liga Kobiet Nieoboj\u0119tnych\" \/>\n<meta property=\"article:publisher\" content=\"https:\/\/www.facebook.com\/liga.kobietanieobojetnych\/?locale=pl_PL\" \/>\n<meta property=\"article:published_time\" content=\"2026-03-04T09:23:01+00:00\" \/>\n<meta property=\"article:modified_time\" content=\"2026-03-04T13:37:35+00:00\" \/>\n<meta property=\"og:image\" content=\"https:\/\/musil.home.pl\/kobiety-bytom\/wp-content\/uploads\/2026\/03\/poprawione_zaproszenie_wystawa_13marca2026.jpg\" \/>\n\t<meta property=\"og:image:width\" content=\"1920\" \/>\n\t<meta property=\"og:image:height\" content=\"1080\" \/>\n\t<meta property=\"og:image:type\" content=\"image\/jpeg\" \/>\n<meta name=\"author\" content=\"Dorota\" \/>\n<meta name=\"twitter:card\" content=\"summary_large_image\" \/>\n<meta name=\"twitter:label1\" content=\"Napisane przez\" \/>\n\t<meta name=\"twitter:data1\" content=\"Dorota\" \/>\n\t<meta name=\"twitter:label2\" content=\"Szacowany czas czytania\" \/>\n\t<meta name=\"twitter:data2\" content=\"3 minuty\" \/>\n<script type=\"application\/ld+json\" class=\"yoast-schema-graph\">{\"@context\":\"https:\/\/schema.org\",\"@graph\":[{\"@type\":\"Article\",\"@id\":\"https:\/\/musil.home.pl\/kobiety-bytom\/zaproszenie-na-wernisaz-wystawy-fotografii-sztuka-jest-kobieta\/#article\",\"isPartOf\":{\"@id\":\"https:\/\/musil.home.pl\/kobiety-bytom\/zaproszenie-na-wernisaz-wystawy-fotografii-sztuka-jest-kobieta\/\"},\"author\":{\"name\":\"Dorota\",\"@id\":\"https:\/\/musil.home.pl\/kobiety-bytom\/#\/schema\/person\/c22ce8fcf0745e218bd36aee21ff24b2\"},\"headline\":\"Zaproszenie na wernisa\u017c wystawy fotografii \u201eSztuka jest kobiet\u0105\u201d\",\"datePublished\":\"2026-03-04T09:23:01+00:00\",\"dateModified\":\"2026-03-04T13:37:35+00:00\",\"mainEntityOfPage\":{\"@id\":\"https:\/\/musil.home.pl\/kobiety-bytom\/zaproszenie-na-wernisaz-wystawy-fotografii-sztuka-jest-kobieta\/\"},\"wordCount\":398,\"publisher\":{\"@id\":\"https:\/\/musil.home.pl\/kobiety-bytom\/#organization\"},\"articleSection\":[\"2026\",\"Zapraszamy\"],\"inLanguage\":\"pl-PL\"},{\"@type\":\"WebPage\",\"@id\":\"https:\/\/musil.home.pl\/kobiety-bytom\/zaproszenie-na-wernisaz-wystawy-fotografii-sztuka-jest-kobieta\/\",\"url\":\"https:\/\/musil.home.pl\/kobiety-bytom\/zaproszenie-na-wernisaz-wystawy-fotografii-sztuka-jest-kobieta\/\",\"name\":\"Zaproszenie na wernisa\u017c wystawy fotografii \u201eSztuka jest kobiet\u0105\u201d - Liga Kobiet Nieoboj\u0119tnych\",\"isPartOf\":{\"@id\":\"https:\/\/musil.home.pl\/kobiety-bytom\/#website\"},\"datePublished\":\"2026-03-04T09:23:01+00:00\",\"dateModified\":\"2026-03-04T13:37:35+00:00\",\"breadcrumb\":{\"@id\":\"https:\/\/musil.home.pl\/kobiety-bytom\/zaproszenie-na-wernisaz-wystawy-fotografii-sztuka-jest-kobieta\/#breadcrumb\"},\"inLanguage\":\"pl-PL\",\"potentialAction\":[{\"@type\":\"ReadAction\",\"target\":[\"https:\/\/musil.home.pl\/kobiety-bytom\/zaproszenie-na-wernisaz-wystawy-fotografii-sztuka-jest-kobieta\/\"]}]},{\"@type\":\"BreadcrumbList\",\"@id\":\"https:\/\/musil.home.pl\/kobiety-bytom\/zaproszenie-na-wernisaz-wystawy-fotografii-sztuka-jest-kobieta\/#breadcrumb\",\"itemListElement\":[{\"@type\":\"ListItem\",\"position\":1,\"name\":\"Home\",\"item\":\"https:\/\/musil.home.pl\/kobiety-bytom\/\"},{\"@type\":\"ListItem\",\"position\":2,\"name\":\"Zaproszenie na wernisa\u017c wystawy fotografii \u201eSztuka jest kobiet\u0105\u201d\"}]},{\"@type\":\"WebSite\",\"@id\":\"https:\/\/musil.home.pl\/kobiety-bytom\/#website\",\"url\":\"https:\/\/musil.home.pl\/kobiety-bytom\/\",\"name\":\"Liga Kobiet Nieoboj\u0119tnych w Bytomu\",\"description\":\"Bytom\",\"publisher\":{\"@id\":\"https:\/\/musil.home.pl\/kobiety-bytom\/#organization\"},\"potentialAction\":[{\"@type\":\"SearchAction\",\"target\":{\"@type\":\"EntryPoint\",\"urlTemplate\":\"https:\/\/musil.home.pl\/kobiety-bytom\/?s={search_term_string}\"},\"query-input\":\"required name=search_term_string\"}],\"inLanguage\":\"pl-PL\"},{\"@type\":\"Organization\",\"@id\":\"https:\/\/musil.home.pl\/kobiety-bytom\/#organization\",\"name\":\"Liga Kobiet Nieoboj\u0119tnych w Bytomu\",\"url\":\"https:\/\/musil.home.pl\/kobiety-bytom\/\",\"logo\":{\"@type\":\"ImageObject\",\"inLanguage\":\"pl-PL\",\"@id\":\"https:\/\/musil.home.pl\/kobiety-bytom\/#\/schema\/logo\/image\/\",\"url\":\"https:\/\/musil.home.pl\/kobiety-bytom\/wp-content\/uploads\/2023\/10\/lkn-350.png\",\"contentUrl\":\"https:\/\/musil.home.pl\/kobiety-bytom\/wp-content\/uploads\/2023\/10\/lkn-350.png\",\"width\":350,\"height\":350,\"caption\":\"Liga Kobiet Nieoboj\u0119tnych w Bytomu\"},\"image\":{\"@id\":\"https:\/\/musil.home.pl\/kobiety-bytom\/#\/schema\/logo\/image\/\"},\"sameAs\":[\"https:\/\/www.facebook.com\/liga.kobietanieobojetnych\/?locale=pl_PL\"]},{\"@type\":\"Person\",\"@id\":\"https:\/\/musil.home.pl\/kobiety-bytom\/#\/schema\/person\/c22ce8fcf0745e218bd36aee21ff24b2\",\"name\":\"Dorota\",\"image\":{\"@type\":\"ImageObject\",\"inLanguage\":\"pl-PL\",\"@id\":\"https:\/\/musil.home.pl\/kobiety-bytom\/#\/schema\/person\/image\/\",\"url\":\"https:\/\/secure.gravatar.com\/avatar\/5466acc3bb9973eb89abf85f078c7f52?s=96&d=mm&r=g\",\"contentUrl\":\"https:\/\/secure.gravatar.com\/avatar\/5466acc3bb9973eb89abf85f078c7f52?s=96&d=mm&r=g\",\"caption\":\"Dorota\"},\"url\":\"https:\/\/musil.home.pl\/kobiety-bytom\/author\/dorota\/\"}]}<\/script>\n<!-- \/ Yoast SEO plugin. -->","yoast_head_json":{"title":"Zaproszenie na wernisa\u017c wystawy fotografii \u201eSztuka jest kobiet\u0105\u201d - Liga Kobiet Nieoboj\u0119tnych","robots":{"index":"index","follow":"follow","max-snippet":"max-snippet:-1","max-image-preview":"max-image-preview:large","max-video-preview":"max-video-preview:-1"},"canonical":"https:\/\/musil.home.pl\/kobiety-bytom\/zaproszenie-na-wernisaz-wystawy-fotografii-sztuka-jest-kobieta\/","og_locale":"pl_PL","og_type":"article","og_title":"Zaproszenie na wernisa\u017c wystawy fotografii \u201eSztuka jest kobiet\u0105\u201d - Liga Kobiet Nieoboj\u0119tnych","og_description":"S\u0105 spotkania ze sztuk\u0105, kt\u00f3re pozwalaj\u0105 zatrzyma\u0107 si\u0119 na chwil\u0119 i spojrze\u0107 na \u015bwiat z innej perspektywy. Jednym z nich b\u0119dzie wernisa\u017c wystawy fotografii \u201eSztuka jest kobiet\u0105\u201d autorstwa Veroniq Zafon vel Bocewicz, na kt\u00f3ry serdecznie zapraszaj\u0105 Stowarzyszenie Liga Kobiet Nieoboj\u0119tnych oraz artystka. Wystawa oparta jest na autorskim cyklu \u201ePoint of Escape \u2013 Woman is Art\u201d i stanowi wyj\u0105tkow\u0105 opowie\u015b\u0107 o kobieco\u015bci, emocjach oraz sile wyrazu ukrytej w ruchu i ge\u015bcie. Wernisa\u017c odb\u0119dzie si\u011913 marca 2026 r. o godz. 18.00w przestrzeniach Pa\u0142acu w Miechowicachul. Dzier\u017conia 30, 41-923 Bytom. Prezentowana ekspozycja to wielowymiarowa opowie\u015b\u0107 o kobiecie jako autonomicznej formie sztuki \u2013 obecnej, sprawczej i tw\u00f3rczej. Na wystawie zobaczy\u0107 b\u0119dzie mo\u017cna czarno-bia\u0142e fotografie, w kt\u00f3rych cia\u0142o staje si\u0119 przestrzeni\u0105 ekspresji, a \u015bwiat\u0142o i cie\u0144 buduj\u0105 subteln\u0105, emocjonaln\u0105 narracj\u0119. Prace artystki lokuj\u0105 si\u0119 na styku fotografii, ta\u0144ca i muzyki \u2013 ruch zamienia si\u0119 tu w obraz, a cisza nabiera brzmienia. Prezentowany cykl obejmuje zar\u00f3wno najnowsze realizacje, jak i wybrane prace z wcze\u015bniejszych lat. Wernisa\u017cowi towarzyszy\u0107 b\u0119dzie r\u00f3wnie\u017c oprawa muzyczna w wykonaniuPauliny Wanot \u2013 \u201eSkrzypcowa miniatura\u201d,a tak\u017ce taneczna improwizacja zaproszonych artyst\u00f3w. Wystawa b\u0119dzie dost\u0119pna dla zwiedzaj\u0105cychod 13 marca do 13 kwietnia 2026 roku. Serdecznie zapraszamy do wsp\u00f3lnego prze\u017cycia wieczoru, w kt\u00f3rym sztuka i kobieco\u015b\u0107 splataj\u0105 si\u0119 w inspiruj\u0105c\u0105 opowie\u015b\u0107 o emocjach, ruchu i pi\u0119knie. O artystce Veroniq Zafon vel Weronika Bocewicz \u2013 artystka fotografka, historyczka sztuki i kuratorka narracji wizualnej. Urodzi\u0142a si\u0119 w Bytomiu, z kt\u00f3rym do dzi\u015b pozostaje silnie zwi\u0105zana artystycznie. W swojej tw\u00f3rczo\u015bci koncentruje si\u0119 przede wszystkim na fotografii aktu, portretu oraz fotografii inspirowanej ta\u0144cem. Charakterystycznym elementem jej stylu s\u0105 czarno-bia\u0142e fotografie, w kt\u00f3rych \u015bwiat\u0142o i cie\u0144 buduj\u0105 emocjonaln\u0105 narracj\u0119 obrazu i podkre\u015blaj\u0105 rze\u017abiarsko\u015b\u0107 ludzkiego cia\u0142a. Artystka traktuje cia\u0142o jako medium wyrazu \u2013 przestrze\u0144 opowie\u015bci o emocjach, ruchu i to\u017csamo\u015bci. Jej prace by\u0142y prezentowane na licznych wystawach indywidualnych i zbiorowych w Polsce. Jest r\u00f3wnie\u017c laureatk\u0105 wyr\u00f3\u017cnie\u0144 w konkursach fotograficznych, m.in. VIVA! Photo Awards, L\u2019Esprit Foto oraz mi\u0119dzynarodowym konkursie kalendarzy VIDICAL. Tw\u00f3rczo\u015b\u0107 Veroniq Zafon to subtelna, a jednocze\u015bnie wyrazista opowie\u015b\u0107 o kobieco\u015bci, sile ekspresji i pi\u0119knie uchwyconym w chwili zatrzymanej w fotografii.","og_url":"https:\/\/musil.home.pl\/kobiety-bytom\/zaproszenie-na-wernisaz-wystawy-fotografii-sztuka-jest-kobieta\/","og_site_name":"Liga Kobiet Nieoboj\u0119tnych","article_publisher":"https:\/\/www.facebook.com\/liga.kobietanieobojetnych\/?locale=pl_PL","article_published_time":"2026-03-04T09:23:01+00:00","article_modified_time":"2026-03-04T13:37:35+00:00","og_image":[{"width":1920,"height":1080,"url":"https:\/\/musil.home.pl\/kobiety-bytom\/wp-content\/uploads\/2026\/03\/poprawione_zaproszenie_wystawa_13marca2026.jpg","type":"image\/jpeg"}],"author":"Dorota","twitter_card":"summary_large_image","twitter_misc":{"Napisane przez":"Dorota","Szacowany czas czytania":"3 minuty"},"schema":{"@context":"https:\/\/schema.org","@graph":[{"@type":"Article","@id":"https:\/\/musil.home.pl\/kobiety-bytom\/zaproszenie-na-wernisaz-wystawy-fotografii-sztuka-jest-kobieta\/#article","isPartOf":{"@id":"https:\/\/musil.home.pl\/kobiety-bytom\/zaproszenie-na-wernisaz-wystawy-fotografii-sztuka-jest-kobieta\/"},"author":{"name":"Dorota","@id":"https:\/\/musil.home.pl\/kobiety-bytom\/#\/schema\/person\/c22ce8fcf0745e218bd36aee21ff24b2"},"headline":"Zaproszenie na wernisa\u017c wystawy fotografii \u201eSztuka jest kobiet\u0105\u201d","datePublished":"2026-03-04T09:23:01+00:00","dateModified":"2026-03-04T13:37:35+00:00","mainEntityOfPage":{"@id":"https:\/\/musil.home.pl\/kobiety-bytom\/zaproszenie-na-wernisaz-wystawy-fotografii-sztuka-jest-kobieta\/"},"wordCount":398,"publisher":{"@id":"https:\/\/musil.home.pl\/kobiety-bytom\/#organization"},"articleSection":["2026","Zapraszamy"],"inLanguage":"pl-PL"},{"@type":"WebPage","@id":"https:\/\/musil.home.pl\/kobiety-bytom\/zaproszenie-na-wernisaz-wystawy-fotografii-sztuka-jest-kobieta\/","url":"https:\/\/musil.home.pl\/kobiety-bytom\/zaproszenie-na-wernisaz-wystawy-fotografii-sztuka-jest-kobieta\/","name":"Zaproszenie na wernisa\u017c wystawy fotografii \u201eSztuka jest kobiet\u0105\u201d - Liga Kobiet Nieoboj\u0119tnych","isPartOf":{"@id":"https:\/\/musil.home.pl\/kobiety-bytom\/#website"},"datePublished":"2026-03-04T09:23:01+00:00","dateModified":"2026-03-04T13:37:35+00:00","breadcrumb":{"@id":"https:\/\/musil.home.pl\/kobiety-bytom\/zaproszenie-na-wernisaz-wystawy-fotografii-sztuka-jest-kobieta\/#breadcrumb"},"inLanguage":"pl-PL","potentialAction":[{"@type":"ReadAction","target":["https:\/\/musil.home.pl\/kobiety-bytom\/zaproszenie-na-wernisaz-wystawy-fotografii-sztuka-jest-kobieta\/"]}]},{"@type":"BreadcrumbList","@id":"https:\/\/musil.home.pl\/kobiety-bytom\/zaproszenie-na-wernisaz-wystawy-fotografii-sztuka-jest-kobieta\/#breadcrumb","itemListElement":[{"@type":"ListItem","position":1,"name":"Home","item":"https:\/\/musil.home.pl\/kobiety-bytom\/"},{"@type":"ListItem","position":2,"name":"Zaproszenie na wernisa\u017c wystawy fotografii \u201eSztuka jest kobiet\u0105\u201d"}]},{"@type":"WebSite","@id":"https:\/\/musil.home.pl\/kobiety-bytom\/#website","url":"https:\/\/musil.home.pl\/kobiety-bytom\/","name":"Liga Kobiet Nieoboj\u0119tnych w Bytomu","description":"Bytom","publisher":{"@id":"https:\/\/musil.home.pl\/kobiety-bytom\/#organization"},"potentialAction":[{"@type":"SearchAction","target":{"@type":"EntryPoint","urlTemplate":"https:\/\/musil.home.pl\/kobiety-bytom\/?s={search_term_string}"},"query-input":"required name=search_term_string"}],"inLanguage":"pl-PL"},{"@type":"Organization","@id":"https:\/\/musil.home.pl\/kobiety-bytom\/#organization","name":"Liga Kobiet Nieoboj\u0119tnych w Bytomu","url":"https:\/\/musil.home.pl\/kobiety-bytom\/","logo":{"@type":"ImageObject","inLanguage":"pl-PL","@id":"https:\/\/musil.home.pl\/kobiety-bytom\/#\/schema\/logo\/image\/","url":"https:\/\/musil.home.pl\/kobiety-bytom\/wp-content\/uploads\/2023\/10\/lkn-350.png","contentUrl":"https:\/\/musil.home.pl\/kobiety-bytom\/wp-content\/uploads\/2023\/10\/lkn-350.png","width":350,"height":350,"caption":"Liga Kobiet Nieoboj\u0119tnych w Bytomu"},"image":{"@id":"https:\/\/musil.home.pl\/kobiety-bytom\/#\/schema\/logo\/image\/"},"sameAs":["https:\/\/www.facebook.com\/liga.kobietanieobojetnych\/?locale=pl_PL"]},{"@type":"Person","@id":"https:\/\/musil.home.pl\/kobiety-bytom\/#\/schema\/person\/c22ce8fcf0745e218bd36aee21ff24b2","name":"Dorota","image":{"@type":"ImageObject","inLanguage":"pl-PL","@id":"https:\/\/musil.home.pl\/kobiety-bytom\/#\/schema\/person\/image\/","url":"https:\/\/secure.gravatar.com\/avatar\/5466acc3bb9973eb89abf85f078c7f52?s=96&d=mm&r=g","contentUrl":"https:\/\/secure.gravatar.com\/avatar\/5466acc3bb9973eb89abf85f078c7f52?s=96&d=mm&r=g","caption":"Dorota"},"url":"https:\/\/musil.home.pl\/kobiety-bytom\/author\/dorota\/"}]}},"_links":{"self":[{"href":"https:\/\/musil.home.pl\/kobiety-bytom\/wp-json\/wp\/v2\/posts\/2558"}],"collection":[{"href":"https:\/\/musil.home.pl\/kobiety-bytom\/wp-json\/wp\/v2\/posts"}],"about":[{"href":"https:\/\/musil.home.pl\/kobiety-bytom\/wp-json\/wp\/v2\/types\/post"}],"author":[{"embeddable":true,"href":"https:\/\/musil.home.pl\/kobiety-bytom\/wp-json\/wp\/v2\/users\/2"}],"replies":[{"embeddable":true,"href":"https:\/\/musil.home.pl\/kobiety-bytom\/wp-json\/wp\/v2\/comments?post=2558"}],"version-history":[{"count":1,"href":"https:\/\/musil.home.pl\/kobiety-bytom\/wp-json\/wp\/v2\/posts\/2558\/revisions"}],"predecessor-version":[{"id":2560,"href":"https:\/\/musil.home.pl\/kobiety-bytom\/wp-json\/wp\/v2\/posts\/2558\/revisions\/2560"}],"wp:featuredmedia":[{"embeddable":true,"href":"https:\/\/musil.home.pl\/kobiety-bytom\/wp-json\/wp\/v2\/media\/2561"}],"wp:attachment":[{"href":"https:\/\/musil.home.pl\/kobiety-bytom\/wp-json\/wp\/v2\/media?parent=2558"}],"wp:term":[{"taxonomy":"category","embeddable":true,"href":"https:\/\/musil.home.pl\/kobiety-bytom\/wp-json\/wp\/v2\/categories?post=2558"},{"taxonomy":"post_tag","embeddable":true,"href":"https:\/\/musil.home.pl\/kobiety-bytom\/wp-json\/wp\/v2\/tags?post=2558"}],"curies":[{"name":"wp","href":"https:\/\/api.w.org\/{rel}","templated":true}]}}